{"id":128,"__str__":"Projeto de Lei n\u00ba 32 de 2019","link_detail_backend":"/materia/128","metadata":{},"numero":32,"ano":2019,"numero_protocolo":null,"data_apresentacao":"2019-07-31","tipo_apresentacao":"","data_publicacao":null,"numero_origem_externa":"","ano_origem_externa":null,"data_origem_externa":null,"apelido":"","dias_prazo":null,"data_fim_prazo":null,"em_tramitacao":false,"polemica":null,"objeto":"","complementar":null,"ementa":"Disp\u00f5e sobre a institui\u00e7\u00e3o do Programa de Prorroga\u00e7\u00e3o da Licen\u00e7a-Paternidade e Licen\u00e7a-Adotante.","indexacao":"","observacao":"","resultado":"","texto_original":"http://sapl.marcelinoramos.rs.leg.br/media/sapl/public/materialegislativa/2019/128/plei0322019.pdf","data_ultima_atualizacao":"2019-08-21T10:49:10.189330-03:00","ip":"45.160.167.18","ultima_edicao":null,"tipo":9,"regime_tramitacao":1,"tipo_origem_externa":null,"local_origem_externa":null,"user":2,"anexadas":[],"autores":[]}